{"id":46425,"date":"2022-09-30T12:19:55","date_gmt":"2022-09-30T09:19:55","guid":{"rendered":"https:\/\/www.painters.fi\/?p=46425"},"modified":"2022-09-30T12:23:28","modified_gmt":"2022-09-30T09:23:28","slug":"nordisk-kulturkontakt-och-malarforbundet-lanserar-trearigt-samarbetsprojekt-inom-malarkonst","status":"publish","type":"post","link":"https:\/\/www.painters.fi\/sv\/nordisk-kulturkontakt-och-malarforbundet-lanserar-trearigt-samarbetsprojekt-inom-malarkonst\/","title":{"rendered":"Nordisk kulturkontakt och M\u00e5larf\u00f6rbundet lanserar tre\u00e5rigt samarbetsprojekt inom m\u00e5larkonst"},"content":{"rendered":"<h1>Nordisk kulturkontakt och M\u00e5larf\u00f6rbundet lanserar tre\u00e5rigt samarbetsprojekt inom m\u00e5larkonst<\/h1>\n<p>&nbsp;<\/p>\n<p><strong><em>Nordic Painting<\/em><\/strong> \u00e4r ett tre-\u00e5rigt samarbetsprojekt under \u00e5ren 2022\u20132024 mellan Nordisk kulturkontakt och M\u00e5larf\u00f6rbundet. Varje \u00e5r genomf\u00f6rs inom ramen f\u00f6r Nordic Painting ett utst\u00e4llningssamarbete tillsammans med en tredje part fr\u00e5n ett annat nordiskt land. \u00c5r 2022 \u00e4r det Norge och Landsforeningen Norske Malere som fungerar som samarbetspartner. \u00c5rets utst\u00e4llning blir tv\u00e5delad och \u00e4ger rum dels i M\u00e5larf\u00f6rbundets galleri i centrala Helsingfors, dels i Nordisk kulturkontakts anrika lokaler p\u00e5 Sveaborg den 2\u201320 november 2022.<\/p>\n<p>I januari 2022 anordnades ett gemensamt open call f\u00f6r de b\u00e5da f\u00f6rbundens medlemmar och totalt inkom 106 ans\u00f6kningar. En jury best\u00e5ende av Randi Thommessen och Maiken Stene fr\u00e5n LNM, Alina M\u00e4ntt\u00e4ri och Sampo Apajalahti fr\u00e5n TML samt Annika Bergvik-Forsander fr\u00e5n Nordisk kulturkontakt valde ut fyra konstn\u00e4rer som deltagare i den kommande utst\u00e4llningen. Bland de norska konstn\u00e4rerna valde juryn ut <em>Ingrid Toogood<\/em> och <em>Espen Br\u00e6ndsr\u00f8d,<\/em> och bland de finl\u00e4ndska valdes <em>Satu Raitiainen<\/em> och <em>Meri Toivanen<\/em>.<\/p>\n<p>Nordisk kulturkontakt \u00e4r en av Nordiska Ministerr\u00e5dets kulturinstitutioner och dess syfte \u00e4r att initiera och underst\u00f6da samnordiska konst- och kulturprojekt, samt bidra till en \u00f6kad kunskap om nordisk samtida konst och kultur b\u00e5de i Finland och i \u00f6vriga Norden. I projektet Nordic Painting finansierar Nordisk kulturkontakt de nordiska g\u00e4stkonstn\u00e4rernas medverkan i utst\u00e4llningarna.<\/p>\n<h1>Deltagande konstn\u00e4rer 2022<\/h1>\n<p><strong>Ingrid Toogood <\/strong>(f. 1976) jobbar inom flera olika genrer, bland annat m\u00e5leri, skulptur, installation och performance. Genom optiska illusioner med hj\u00e4lp av skuggor och speglar tar hon upp problemst\u00e4llningar kring tomhet och f\u00f6rlust. Spegeln och skuggan representerar instabila verkligheter och erbjuder ett s\u00e4tt att manipulera v\u00e5r uppfattning av rummet i tv\u00e5 och tre dimensioner. Skuggeffekten och de m\u00e5nga speglarna skapar ett fiktivt djup i bildytan. P\u00e5 det s\u00e4ttet tar Toogood den grundl\u00e4ggande flatheten p\u00e5 allvar, samtidigt som hon drar m\u00e5lerier i nya riktningar och dimensioner. Djupet st\u00e5r inte l\u00e4gre i v\u00e4gen f\u00f6r flatheten. Detta l\u00e4mnar m\u00e5leriet och de m\u00e5lade skulpturerna i en position mellan de tv\u00e5 rumsliga ytterligheterna. <a href=\"https:\/\/www.toogood.no\/\">https:\/\/www.toogood.no\/<\/a><\/p>\n<p><strong>Espen Br\u00e6ndsr\u00f8d <\/strong>(f. 1969) \u00e4r utbildad vid Asker Kusntskole (1989\u201391) och Statens H\u00e5ndverks- og Kunstindustriskole i Oslo (Institutt for Farge 1991\u201396). Hans konstn\u00e4rliga arbetsf\u00e4lt \u00e4r inom m\u00e5leri, teckning och skulptur. Verken \u00e4r ofta resultat av en processorienterad praxis. Sedan sin debut i Galleri LNM \u00e5r 2000 har han bland annat st\u00e4llt ut i Kunsterforbundet (Oslo), Nordnorsk Kunstnersenter (Svolv\u00e6r) och Trafo Kunsthall (Asker). Han \u00e4r mottagare av Statens Garantiinntekt (statligt arbetsstipendium) f\u00f6r konstn\u00e4rer och \u00e4r hans verk har k\u00f6pts in av flera offentliga institutioner, som Utrikesdepartementet och Norges Bank. <a href=\"http:\/\/www.brendsrod.no\/\">http:\/\/www.brendsrod.no\/<\/a><\/p>\n<p><strong>Satu Rautiainen <\/strong>(f. 1982) utexaminerades \u00e5r 2008 fr\u00e5n Bildkonstakademin i Finland. I sina verk studerar Rautiainen gr\u00e4nsytan mellan konst, hantverk och industriell design ur en feministisk synvinkel. Hon m\u00e5lar med akvareller p\u00e5 papper och med oljef\u00e4rger. I sina st\u00f6rre akvareller kontemplerar hon kring m\u00e5lningstraditioner och m\u00e5lande i modern tid. Rautiainens m\u00e5lningar finns i flera offentliga konstsamlingar, till exempel hos Kiasma, EMMA och Helsingfors konstmuseum. <a href=\"http:\/\/www.saturautiainen.com\/\">www.saturautiainen.com<\/a><\/p>\n<p><strong>Meri Toivanen <\/strong>(f.1996) \u00e4r baserad i Finland och Belgien. Hon h\u00e5ller som b\u00e4st p\u00e5 och slutf\u00f6r sin magisterexamen fr\u00e5n Kungliga konstakademin i Antwerpen. Toivanens verk har presenterats i samutst\u00e4llningar i Belgien. Hon unders\u00f6ker figurationens gr\u00e4nsmarker genom att m\u00e5la med semi-monokromatiska f\u00e4rger och med anv\u00e4ndning av bleknande, desintegration och diffusion. Toivanen refererar ofta till finsk filmhistoria, hon leker med bilder som kopplas loss ur sitt sammanhang i popul\u00e4rkulturen f\u00f6r att uppn\u00e5 nya insikter.<\/p>\n<div id=\"attachment_46403\" style=\"width: 310px\" class=\"wp-caption alignnone\"><img loading=\"lazy\" decoding=\"async\" aria-describedby=\"caption-attachment-46403\" class=\"size-medium wp-image-46403\" src=\"https:\/\/www.painters.fi\/wp-content\/uploads\/2022\/09\/Ingrid-Toogood_hugs-300x273.jpg\" alt=\"\" width=\"300\" height=\"273\" srcset=\"https:\/\/www.painters.fi\/wp-content\/uploads\/2022\/09\/Ingrid-Toogood_hugs-300x273.jpg 300w, https:\/\/www.painters.fi\/wp-content\/uploads\/2022\/09\/Ingrid-Toogood_hugs-1024x930.jpg 1024w, https:\/\/www.painters.fi\/wp-content\/uploads\/2022\/09\/Ingrid-Toogood_hugs-1536x1395.jpg 1536w, https:\/\/www.painters.fi\/wp-content\/uploads\/2022\/09\/Ingrid-Toogood_hugs-2048x1860.jpg 2048w, https:\/\/www.painters.fi\/wp-content\/uploads\/2022\/09\/Ingrid-Toogood_hugs-650x590.jpg 650w, https:\/\/www.painters.fi\/wp-content\/uploads\/2022\/09\/Ingrid-Toogood_hugs-275x250.jpg 275w, https:\/\/www.painters.fi\/wp-content\/uploads\/2022\/09\/Ingrid-Toogood_hugs-685x622.jpg 685w, https:\/\/www.painters.fi\/wp-content\/uploads\/2022\/09\/Ingrid-Toogood_hugs-600x545.jpg 600w\" sizes=\"auto, (max-width: 300px) 100vw, 300px\" \/><p id=\"caption-attachment-46403\" class=\"wp-caption-text\">Ingrid Toogood: Hugs 1-3, 2022, acrylic on canvas and mdf, cutout mirror, 195 cm x 120 cm x 30 cm<\/p><\/div>\n<div id=\"attachment_46406\" style=\"width: 310px\" class=\"wp-caption alignnone\"><img loading=\"lazy\" decoding=\"async\" aria-describedby=\"caption-attachment-46406\" class=\"size-medium wp-image-46406\" src=\"https:\/\/www.painters.fi\/wp-content\/uploads\/2022\/09\/Espen_fieldwork-300x205.jpeg\" alt=\"\" width=\"300\" height=\"205\" srcset=\"https:\/\/www.painters.fi\/wp-content\/uploads\/2022\/09\/Espen_fieldwork-300x205.jpeg 300w, https:\/\/www.painters.fi\/wp-content\/uploads\/2022\/09\/Espen_fieldwork-1024x699.jpeg 1024w, https:\/\/www.painters.fi\/wp-content\/uploads\/2022\/09\/Espen_fieldwork-1536x1049.jpeg 1536w, https:\/\/www.painters.fi\/wp-content\/uploads\/2022\/09\/Espen_fieldwork-2048x1398.jpeg 2048w, https:\/\/www.painters.fi\/wp-content\/uploads\/2022\/09\/Espen_fieldwork-650x444.jpeg 650w, https:\/\/www.painters.fi\/wp-content\/uploads\/2022\/09\/Espen_fieldwork-366x250.jpeg 366w, https:\/\/www.painters.fi\/wp-content\/uploads\/2022\/09\/Espen_fieldwork-685x468.jpeg 685w, https:\/\/www.painters.fi\/wp-content\/uploads\/2022\/09\/Espen_fieldwork-600x410.jpeg 600w\" sizes=\"auto, (max-width: 300px) 100vw, 300px\" \/><p id=\"caption-attachment-46406\" class=\"wp-caption-text\">Espen Br\u00e6ndsr\u00f8d: Fieldwork (16 objects), detail , 1. Forest floor, clearing by dead Birch and 2. Close to the Pine Tree, soils, 2 x 34 cm x 24 cm<\/p><\/div>\n<div id=\"attachment_46409\" style=\"width: 257px\" class=\"wp-caption alignnone\"><img loading=\"lazy\" decoding=\"async\" aria-describedby=\"caption-attachment-46409\" class=\"size-medium wp-image-46409\" src=\"https:\/\/www.painters.fi\/wp-content\/uploads\/2022\/09\/Satu-Rautiainen_Kerrostarjotin_maalaus_2022-247x300.jpg\" alt=\"\" width=\"247\" height=\"300\" srcset=\"https:\/\/www.painters.fi\/wp-content\/uploads\/2022\/09\/Satu-Rautiainen_Kerrostarjotin_maalaus_2022-247x300.jpg 247w, https:\/\/www.painters.fi\/wp-content\/uploads\/2022\/09\/Satu-Rautiainen_Kerrostarjotin_maalaus_2022-843x1024.jpg 843w, https:\/\/www.painters.fi\/wp-content\/uploads\/2022\/09\/Satu-Rautiainen_Kerrostarjotin_maalaus_2022-1265x1536.jpg 1265w, https:\/\/www.painters.fi\/wp-content\/uploads\/2022\/09\/Satu-Rautiainen_Kerrostarjotin_maalaus_2022-1686x2048.jpg 1686w, https:\/\/www.painters.fi\/wp-content\/uploads\/2022\/09\/Satu-Rautiainen_Kerrostarjotin_maalaus_2022-650x790.jpg 650w, https:\/\/www.painters.fi\/wp-content\/uploads\/2022\/09\/Satu-Rautiainen_Kerrostarjotin_maalaus_2022-206x250.jpg 206w, https:\/\/www.painters.fi\/wp-content\/uploads\/2022\/09\/Satu-Rautiainen_Kerrostarjotin_maalaus_2022-685x832.jpg 685w, https:\/\/www.painters.fi\/wp-content\/uploads\/2022\/09\/Satu-Rautiainen_Kerrostarjotin_maalaus_2022-1024x1244.jpg 1024w, https:\/\/www.painters.fi\/wp-content\/uploads\/2022\/09\/Satu-Rautiainen_Kerrostarjotin_maalaus_2022-600x729.jpg 600w\" sizes=\"auto, (max-width: 247px) 100vw, 247px\" \/><p id=\"caption-attachment-46409\" class=\"wp-caption-text\">Satu Rautiainen: Skiktad bricka, vatten och oljef\u00e4rg ombord, 60 cm x 51 cm, 2022<\/p><\/div>\n<div id=\"attachment_46353\" style=\"width: 310px\" class=\"wp-caption alignnone\"><img loading=\"lazy\" decoding=\"async\" aria-describedby=\"caption-attachment-46353\" class=\"size-medium wp-image-46353\" src=\"https:\/\/www.painters.fi\/wp-content\/uploads\/2021\/10\/Meri-Toivanen-The-Militair-Playing-Billiards-2021-300x219.jpg\" alt=\"\" width=\"300\" height=\"219\" srcset=\"https:\/\/www.painters.fi\/wp-content\/uploads\/2021\/10\/Meri-Toivanen-The-Militair-Playing-Billiards-2021-300x219.jpg 300w, https:\/\/www.painters.fi\/wp-content\/uploads\/2021\/10\/Meri-Toivanen-The-Militair-Playing-Billiards-2021-1024x749.jpg 1024w, https:\/\/www.painters.fi\/wp-content\/uploads\/2021\/10\/Meri-Toivanen-The-Militair-Playing-Billiards-2021-1536x1124.jpg 1536w, https:\/\/www.painters.fi\/wp-content\/uploads\/2021\/10\/Meri-Toivanen-The-Militair-Playing-Billiards-2021-650x475.jpg 650w, https:\/\/www.painters.fi\/wp-content\/uploads\/2021\/10\/Meri-Toivanen-The-Militair-Playing-Billiards-2021-342x250.jpg 342w, https:\/\/www.painters.fi\/wp-content\/uploads\/2021\/10\/Meri-Toivanen-The-Militair-Playing-Billiards-2021-685x501.jpg 685w, https:\/\/www.painters.fi\/wp-content\/uploads\/2021\/10\/Meri-Toivanen-The-Militair-Playing-Billiards-2021-600x439.jpg 600w, https:\/\/www.painters.fi\/wp-content\/uploads\/2021\/10\/Meri-Toivanen-The-Militair-Playing-Billiards-2021.jpg 2000w\" sizes=\"auto, (max-width: 300px) 100vw, 300px\" \/><p id=\"caption-attachment-46353\" class=\"wp-caption-text\">Meri Toivanen: The Militair Playing Billiards, olja p\u00e5 duk, 110 cm x 150 cm, 2021<\/p><\/div>\n","protected":false},"excerpt":{"rendered":"<p>Nordisk kulturkontakt och M\u00e5larf\u00f6rbundet lanserar tre\u00e5rigt samarbetsprojekt inom m\u00e5larkonst &nbsp; Nordic Painting \u00e4r ett tre-\u00e5rigt samarbetsprojekt under \u00e5ren 2022\u20132024 mellan Nordisk kulturkontakt och M\u00e5larf\u00f6rbundet. Varje \u00e5r genomf\u00f6rs inom ramen f\u00f6r Nordic Painting ett utst\u00e4llningssamarbete tillsammans med en tredje part fr\u00e5n ett annat nordiskt land. \u00c5r 2022 \u00e4r det Norge och Landsforeningen Norske Malere som fungerar &hellip; <a href=\"https:\/\/www.painters.fi\/sv\/nordisk-kulturkontakt-och-malarforbundet-lanserar-trearigt-samarbetsprojekt-inom-malarkonst\/\" class=\"more-link\">Continue reading <span class=\"screen-reader-text\">Nordisk kulturkontakt och M\u00e5larf\u00f6rbundet lanserar tre\u00e5rigt samarbetsprojekt inom m\u00e5larkonst<\/span> <span class=\"meta-nav\">&raquo;<\/span><\/a><\/p>\n","protected":false},"author":7,"featured_media":0,"comment_status":"closed","ping_status":"closed","sticky":false,"template":"","format":"standard","meta":{"_acf_changed":false,"_relevanssi_hide_post":"","_relevanssi_hide_content":"","_relevanssi_pin_for_all":"","_relevanssi_pin_keywords":"","_relevanssi_unpin_keywords":"","_relevanssi_related_keywords":"","_relevanssi_related_include_ids":"","_relevanssi_related_exclude_ids":"","_relevanssi_related_no_append":"","_relevanssi_related_not_related":"","_relevanssi_related_posts":"","_relevanssi_noindex_reason":"","footnotes":""},"categories":[23],"tags":[],"class_list":["post-46425","post","type-post","status-publish","format-standard","hentry","category-okategoriserad"],"acf":[],"yoast_head":"<!-- This site is optimized with the Yoast SEO plugin v27.4 - https:\/\/yoast.com\/product\/yoast-seo-wordpress\/ -->\n<title>Nordisk kulturkontakt och M\u00e5larf\u00f6rbundet lanserar tre\u00e5rigt samarbetsprojekt inom m\u00e5larkonst - Taidemaalariliitto<\/title>\n<meta name=\"robots\" content=\"index, follow, max-snippet:-1, max-image-preview:large, max-video-preview:-1\" \/>\n<link rel=\"canonical\" href=\"https:\/\/www.painters.fi\/sv\/nordisk-kulturkontakt-och-malarforbundet-lanserar-trearigt-samarbetsprojekt-inom-malarkonst\/\" \/>\n<meta property=\"og:locale\" content=\"sv_SE\" \/>\n<meta property=\"og:type\" content=\"article\" \/>\n<meta property=\"og:title\" content=\"Nordisk kulturkontakt och M\u00e5larf\u00f6rbundet lanserar tre\u00e5rigt samarbetsprojekt inom m\u00e5larkonst - Taidemaalariliitto\" \/>\n<meta property=\"og:description\" content=\"Nordisk kulturkontakt och M\u00e5larf\u00f6rbundet lanserar tre\u00e5rigt samarbetsprojekt inom m\u00e5larkonst &nbsp; Nordic Painting \u00e4r ett tre-\u00e5rigt samarbetsprojekt under \u00e5ren 2022\u20132024 mellan Nordisk kulturkontakt och M\u00e5larf\u00f6rbundet. Varje \u00e5r genomf\u00f6rs inom ramen f\u00f6r Nordic Painting ett utst\u00e4llningssamarbete tillsammans med en tredje part fr\u00e5n ett annat nordiskt land. \u00c5r 2022 \u00e4r det Norge och Landsforeningen Norske Malere som fungerar &hellip; Continue reading Nordisk kulturkontakt och M\u00e5larf\u00f6rbundet lanserar tre\u00e5rigt samarbetsprojekt inom m\u00e5larkonst &raquo;\" \/>\n<meta property=\"og:url\" content=\"https:\/\/www.painters.fi\/sv\/nordisk-kulturkontakt-och-malarforbundet-lanserar-trearigt-samarbetsprojekt-inom-malarkonst\/\" \/>\n<meta property=\"og:site_name\" content=\"Taidemaalariliitto\" \/>\n<meta property=\"article:publisher\" content=\"https:\/\/www.facebook.com\/Taidemaalariliitto\" \/>\n<meta property=\"article:published_time\" content=\"2022-09-30T09:19:55+00:00\" \/>\n<meta property=\"article:modified_time\" content=\"2022-09-30T09:23:28+00:00\" \/>\n<meta property=\"og:image\" content=\"https:\/\/www.painters.fi\/wp-content\/uploads\/2022\/09\/Ingrid-Toogood_hugs-300x273.jpg\" \/>\n<meta name=\"author\" content=\"Katariina\" \/>\n<meta name=\"twitter:card\" content=\"summary_large_image\" \/>\n<meta name=\"twitter:creator\" content=\"@tmliitto\" \/>\n<meta name=\"twitter:site\" content=\"@tmliitto\" \/>\n<meta name=\"twitter:label1\" content=\"Skriven av\" \/>\n\t<meta name=\"twitter:data1\" content=\"Katariina\" \/>\n\t<meta name=\"twitter:label2\" content=\"Ber\u00e4knad l\u00e4stid\" \/>\n\t<meta name=\"twitter:data2\" content=\"5 minuter\" \/>\n<script type=\"application\/ld+json\" class=\"yoast-schema-graph\">{\"@context\":\"https:\\\/\\\/schema.org\",\"@graph\":[{\"@type\":\"Article\",\"@id\":\"https:\\\/\\\/www.painters.fi\\\/sv\\\/nordisk-kulturkontakt-och-malarforbundet-lanserar-trearigt-samarbetsprojekt-inom-malarkonst\\\/#article\",\"isPartOf\":{\"@id\":\"https:\\\/\\\/www.painters.fi\\\/sv\\\/nordisk-kulturkontakt-och-malarforbundet-lanserar-trearigt-samarbetsprojekt-inom-malarkonst\\\/\"},\"author\":{\"name\":\"Katariina\",\"@id\":\"https:\\\/\\\/www.painters.fi\\\/#\\\/schema\\\/person\\\/a8551125f4c4c3c08f66b325140e4d1e\"},\"headline\":\"Nordisk kulturkontakt och M\u00e5larf\u00f6rbundet lanserar tre\u00e5rigt samarbetsprojekt inom m\u00e5larkonst\",\"datePublished\":\"2022-09-30T09:19:55+00:00\",\"dateModified\":\"2022-09-30T09:23:28+00:00\",\"mainEntityOfPage\":{\"@id\":\"https:\\\/\\\/www.painters.fi\\\/sv\\\/nordisk-kulturkontakt-och-malarforbundet-lanserar-trearigt-samarbetsprojekt-inom-malarkonst\\\/\"},\"wordCount\":732,\"image\":{\"@id\":\"https:\\\/\\\/www.painters.fi\\\/sv\\\/nordisk-kulturkontakt-och-malarforbundet-lanserar-trearigt-samarbetsprojekt-inom-malarkonst\\\/#primaryimage\"},\"thumbnailUrl\":\"https:\\\/\\\/www.painters.fi\\\/wp-content\\\/uploads\\\/2022\\\/09\\\/Ingrid-Toogood_hugs-300x273.jpg\",\"articleSection\":[\"Okategoriserad\"],\"inLanguage\":\"sv-SE\"},{\"@type\":\"WebPage\",\"@id\":\"https:\\\/\\\/www.painters.fi\\\/sv\\\/nordisk-kulturkontakt-och-malarforbundet-lanserar-trearigt-samarbetsprojekt-inom-malarkonst\\\/\",\"url\":\"https:\\\/\\\/www.painters.fi\\\/sv\\\/nordisk-kulturkontakt-och-malarforbundet-lanserar-trearigt-samarbetsprojekt-inom-malarkonst\\\/\",\"name\":\"Nordisk kulturkontakt och M\u00e5larf\u00f6rbundet lanserar tre\u00e5rigt samarbetsprojekt inom m\u00e5larkonst - Taidemaalariliitto\",\"isPartOf\":{\"@id\":\"https:\\\/\\\/www.painters.fi\\\/#website\"},\"primaryImageOfPage\":{\"@id\":\"https:\\\/\\\/www.painters.fi\\\/sv\\\/nordisk-kulturkontakt-och-malarforbundet-lanserar-trearigt-samarbetsprojekt-inom-malarkonst\\\/#primaryimage\"},\"image\":{\"@id\":\"https:\\\/\\\/www.painters.fi\\\/sv\\\/nordisk-kulturkontakt-och-malarforbundet-lanserar-trearigt-samarbetsprojekt-inom-malarkonst\\\/#primaryimage\"},\"thumbnailUrl\":\"https:\\\/\\\/www.painters.fi\\\/wp-content\\\/uploads\\\/2022\\\/09\\\/Ingrid-Toogood_hugs-300x273.jpg\",\"datePublished\":\"2022-09-30T09:19:55+00:00\",\"dateModified\":\"2022-09-30T09:23:28+00:00\",\"author\":{\"@id\":\"https:\\\/\\\/www.painters.fi\\\/#\\\/schema\\\/person\\\/a8551125f4c4c3c08f66b325140e4d1e\"},\"breadcrumb\":{\"@id\":\"https:\\\/\\\/www.painters.fi\\\/sv\\\/nordisk-kulturkontakt-och-malarforbundet-lanserar-trearigt-samarbetsprojekt-inom-malarkonst\\\/#breadcrumb\"},\"inLanguage\":\"sv-SE\",\"potentialAction\":[{\"@type\":\"ReadAction\",\"target\":[\"https:\\\/\\\/www.painters.fi\\\/sv\\\/nordisk-kulturkontakt-och-malarforbundet-lanserar-trearigt-samarbetsprojekt-inom-malarkonst\\\/\"]}]},{\"@type\":\"ImageObject\",\"inLanguage\":\"sv-SE\",\"@id\":\"https:\\\/\\\/www.painters.fi\\\/sv\\\/nordisk-kulturkontakt-och-malarforbundet-lanserar-trearigt-samarbetsprojekt-inom-malarkonst\\\/#primaryimage\",\"url\":\"https:\\\/\\\/www.painters.fi\\\/wp-content\\\/uploads\\\/2022\\\/09\\\/Ingrid-Toogood_hugs-300x273.jpg\",\"contentUrl\":\"https:\\\/\\\/www.painters.fi\\\/wp-content\\\/uploads\\\/2022\\\/09\\\/Ingrid-Toogood_hugs-300x273.jpg\"},{\"@type\":\"BreadcrumbList\",\"@id\":\"https:\\\/\\\/www.painters.fi\\\/sv\\\/nordisk-kulturkontakt-och-malarforbundet-lanserar-trearigt-samarbetsprojekt-inom-malarkonst\\\/#breadcrumb\",\"itemListElement\":[{\"@type\":\"ListItem\",\"position\":1,\"name\":\"Home\",\"item\":\"https:\\\/\\\/www.painters.fi\\\/sv\\\/\"},{\"@type\":\"ListItem\",\"position\":2,\"name\":\"Nordisk kulturkontakt och M\u00e5larf\u00f6rbundet lanserar tre\u00e5rigt samarbetsprojekt inom m\u00e5larkonst\"}]},{\"@type\":\"WebSite\",\"@id\":\"https:\\\/\\\/www.painters.fi\\\/#website\",\"url\":\"https:\\\/\\\/www.painters.fi\\\/\",\"name\":\"Taidemaalariliitto\",\"description\":\"\",\"potentialAction\":[{\"@type\":\"SearchAction\",\"target\":{\"@type\":\"EntryPoint\",\"urlTemplate\":\"https:\\\/\\\/www.painters.fi\\\/?s={search_term_string}\"},\"query-input\":{\"@type\":\"PropertyValueSpecification\",\"valueRequired\":true,\"valueName\":\"search_term_string\"}}],\"inLanguage\":\"sv-SE\"},{\"@type\":\"Person\",\"@id\":\"https:\\\/\\\/www.painters.fi\\\/#\\\/schema\\\/person\\\/a8551125f4c4c3c08f66b325140e4d1e\",\"name\":\"Katariina\",\"image\":{\"@type\":\"ImageObject\",\"inLanguage\":\"sv-SE\",\"@id\":\"https:\\\/\\\/secure.gravatar.com\\\/avatar\\\/ddd1b84017ae488d84f2e42888038d6fe23c77a62c729feba0008ec7474b5b74?s=96&d=mm&r=g\",\"url\":\"https:\\\/\\\/secure.gravatar.com\\\/avatar\\\/ddd1b84017ae488d84f2e42888038d6fe23c77a62c729feba0008ec7474b5b74?s=96&d=mm&r=g\",\"contentUrl\":\"https:\\\/\\\/secure.gravatar.com\\\/avatar\\\/ddd1b84017ae488d84f2e42888038d6fe23c77a62c729feba0008ec7474b5b74?s=96&d=mm&r=g\",\"caption\":\"Katariina\"}}]}<\/script>\n<!-- \/ Yoast SEO plugin. -->","yoast_head_json":{"title":"Nordisk kulturkontakt och M\u00e5larf\u00f6rbundet lanserar tre\u00e5rigt samarbetsprojekt inom m\u00e5larkonst - Taidemaalariliitto","robots":{"index":"index","follow":"follow","max-snippet":"max-snippet:-1","max-image-preview":"max-image-preview:large","max-video-preview":"max-video-preview:-1"},"canonical":"https:\/\/www.painters.fi\/sv\/nordisk-kulturkontakt-och-malarforbundet-lanserar-trearigt-samarbetsprojekt-inom-malarkonst\/","og_locale":"sv_SE","og_type":"article","og_title":"Nordisk kulturkontakt och M\u00e5larf\u00f6rbundet lanserar tre\u00e5rigt samarbetsprojekt inom m\u00e5larkonst - Taidemaalariliitto","og_description":"Nordisk kulturkontakt och M\u00e5larf\u00f6rbundet lanserar tre\u00e5rigt samarbetsprojekt inom m\u00e5larkonst &nbsp; Nordic Painting \u00e4r ett tre-\u00e5rigt samarbetsprojekt under \u00e5ren 2022\u20132024 mellan Nordisk kulturkontakt och M\u00e5larf\u00f6rbundet. Varje \u00e5r genomf\u00f6rs inom ramen f\u00f6r Nordic Painting ett utst\u00e4llningssamarbete tillsammans med en tredje part fr\u00e5n ett annat nordiskt land. \u00c5r 2022 \u00e4r det Norge och Landsforeningen Norske Malere som fungerar &hellip; Continue reading Nordisk kulturkontakt och M\u00e5larf\u00f6rbundet lanserar tre\u00e5rigt samarbetsprojekt inom m\u00e5larkonst &raquo;","og_url":"https:\/\/www.painters.fi\/sv\/nordisk-kulturkontakt-och-malarforbundet-lanserar-trearigt-samarbetsprojekt-inom-malarkonst\/","og_site_name":"Taidemaalariliitto","article_publisher":"https:\/\/www.facebook.com\/Taidemaalariliitto","article_published_time":"2022-09-30T09:19:55+00:00","article_modified_time":"2022-09-30T09:23:28+00:00","og_image":[{"url":"https:\/\/www.painters.fi\/wp-content\/uploads\/2022\/09\/Ingrid-Toogood_hugs-300x273.jpg","type":"","width":"","height":""}],"author":"Katariina","twitter_card":"summary_large_image","twitter_creator":"@tmliitto","twitter_site":"@tmliitto","twitter_misc":{"Skriven av":"Katariina","Ber\u00e4knad l\u00e4stid":"5 minuter"},"schema":{"@context":"https:\/\/schema.org","@graph":[{"@type":"Article","@id":"https:\/\/www.painters.fi\/sv\/nordisk-kulturkontakt-och-malarforbundet-lanserar-trearigt-samarbetsprojekt-inom-malarkonst\/#article","isPartOf":{"@id":"https:\/\/www.painters.fi\/sv\/nordisk-kulturkontakt-och-malarforbundet-lanserar-trearigt-samarbetsprojekt-inom-malarkonst\/"},"author":{"name":"Katariina","@id":"https:\/\/www.painters.fi\/#\/schema\/person\/a8551125f4c4c3c08f66b325140e4d1e"},"headline":"Nordisk kulturkontakt och M\u00e5larf\u00f6rbundet lanserar tre\u00e5rigt samarbetsprojekt inom m\u00e5larkonst","datePublished":"2022-09-30T09:19:55+00:00","dateModified":"2022-09-30T09:23:28+00:00","mainEntityOfPage":{"@id":"https:\/\/www.painters.fi\/sv\/nordisk-kulturkontakt-och-malarforbundet-lanserar-trearigt-samarbetsprojekt-inom-malarkonst\/"},"wordCount":732,"image":{"@id":"https:\/\/www.painters.fi\/sv\/nordisk-kulturkontakt-och-malarforbundet-lanserar-trearigt-samarbetsprojekt-inom-malarkonst\/#primaryimage"},"thumbnailUrl":"https:\/\/www.painters.fi\/wp-content\/uploads\/2022\/09\/Ingrid-Toogood_hugs-300x273.jpg","articleSection":["Okategoriserad"],"inLanguage":"sv-SE"},{"@type":"WebPage","@id":"https:\/\/www.painters.fi\/sv\/nordisk-kulturkontakt-och-malarforbundet-lanserar-trearigt-samarbetsprojekt-inom-malarkonst\/","url":"https:\/\/www.painters.fi\/sv\/nordisk-kulturkontakt-och-malarforbundet-lanserar-trearigt-samarbetsprojekt-inom-malarkonst\/","name":"Nordisk kulturkontakt och M\u00e5larf\u00f6rbundet lanserar tre\u00e5rigt samarbetsprojekt inom m\u00e5larkonst - Taidemaalariliitto","isPartOf":{"@id":"https:\/\/www.painters.fi\/#website"},"primaryImageOfPage":{"@id":"https:\/\/www.painters.fi\/sv\/nordisk-kulturkontakt-och-malarforbundet-lanserar-trearigt-samarbetsprojekt-inom-malarkonst\/#primaryimage"},"image":{"@id":"https:\/\/www.painters.fi\/sv\/nordisk-kulturkontakt-och-malarforbundet-lanserar-trearigt-samarbetsprojekt-inom-malarkonst\/#primaryimage"},"thumbnailUrl":"https:\/\/www.painters.fi\/wp-content\/uploads\/2022\/09\/Ingrid-Toogood_hugs-300x273.jpg","datePublished":"2022-09-30T09:19:55+00:00","dateModified":"2022-09-30T09:23:28+00:00","author":{"@id":"https:\/\/www.painters.fi\/#\/schema\/person\/a8551125f4c4c3c08f66b325140e4d1e"},"breadcrumb":{"@id":"https:\/\/www.painters.fi\/sv\/nordisk-kulturkontakt-och-malarforbundet-lanserar-trearigt-samarbetsprojekt-inom-malarkonst\/#breadcrumb"},"inLanguage":"sv-SE","potentialAction":[{"@type":"ReadAction","target":["https:\/\/www.painters.fi\/sv\/nordisk-kulturkontakt-och-malarforbundet-lanserar-trearigt-samarbetsprojekt-inom-malarkonst\/"]}]},{"@type":"ImageObject","inLanguage":"sv-SE","@id":"https:\/\/www.painters.fi\/sv\/nordisk-kulturkontakt-och-malarforbundet-lanserar-trearigt-samarbetsprojekt-inom-malarkonst\/#primaryimage","url":"https:\/\/www.painters.fi\/wp-content\/uploads\/2022\/09\/Ingrid-Toogood_hugs-300x273.jpg","contentUrl":"https:\/\/www.painters.fi\/wp-content\/uploads\/2022\/09\/Ingrid-Toogood_hugs-300x273.jpg"},{"@type":"BreadcrumbList","@id":"https:\/\/www.painters.fi\/sv\/nordisk-kulturkontakt-och-malarforbundet-lanserar-trearigt-samarbetsprojekt-inom-malarkonst\/#breadcrumb","itemListElement":[{"@type":"ListItem","position":1,"name":"Home","item":"https:\/\/www.painters.fi\/sv\/"},{"@type":"ListItem","position":2,"name":"Nordisk kulturkontakt och M\u00e5larf\u00f6rbundet lanserar tre\u00e5rigt samarbetsprojekt inom m\u00e5larkonst"}]},{"@type":"WebSite","@id":"https:\/\/www.painters.fi\/#website","url":"https:\/\/www.painters.fi\/","name":"Taidemaalariliitto","description":"","potentialAction":[{"@type":"SearchAction","target":{"@type":"EntryPoint","urlTemplate":"https:\/\/www.painters.fi\/?s={search_term_string}"},"query-input":{"@type":"PropertyValueSpecification","valueRequired":true,"valueName":"search_term_string"}}],"inLanguage":"sv-SE"},{"@type":"Person","@id":"https:\/\/www.painters.fi\/#\/schema\/person\/a8551125f4c4c3c08f66b325140e4d1e","name":"Katariina","image":{"@type":"ImageObject","inLanguage":"sv-SE","@id":"https:\/\/secure.gravatar.com\/avatar\/ddd1b84017ae488d84f2e42888038d6fe23c77a62c729feba0008ec7474b5b74?s=96&d=mm&r=g","url":"https:\/\/secure.gravatar.com\/avatar\/ddd1b84017ae488d84f2e42888038d6fe23c77a62c729feba0008ec7474b5b74?s=96&d=mm&r=g","contentUrl":"https:\/\/secure.gravatar.com\/avatar\/ddd1b84017ae488d84f2e42888038d6fe23c77a62c729feba0008ec7474b5b74?s=96&d=mm&r=g","caption":"Katariina"}}]}},"_links":{"self":[{"href":"https:\/\/www.painters.fi\/sv\/wp-json\/wp\/v2\/posts\/46425","targetHints":{"allow":["GET"]}}],"collection":[{"href":"https:\/\/www.painters.fi\/sv\/wp-json\/wp\/v2\/posts"}],"about":[{"href":"https:\/\/www.painters.fi\/sv\/wp-json\/wp\/v2\/types\/post"}],"author":[{"embeddable":true,"href":"https:\/\/www.painters.fi\/sv\/wp-json\/wp\/v2\/users\/7"}],"replies":[{"embeddable":true,"href":"https:\/\/www.painters.fi\/sv\/wp-json\/wp\/v2\/comments?post=46425"}],"version-history":[{"count":2,"href":"https:\/\/www.painters.fi\/sv\/wp-json\/wp\/v2\/posts\/46425\/revisions"}],"predecessor-version":[{"id":46430,"href":"https:\/\/www.painters.fi\/sv\/wp-json\/wp\/v2\/posts\/46425\/revisions\/46430"}],"wp:attachment":[{"href":"https:\/\/www.painters.fi\/sv\/wp-json\/wp\/v2\/media?parent=46425"}],"wp:term":[{"taxonomy":"category","embeddable":true,"href":"https:\/\/www.painters.fi\/sv\/wp-json\/wp\/v2\/categories?post=46425"},{"taxonomy":"post_tag","embeddable":true,"href":"https:\/\/www.painters.fi\/sv\/wp-json\/wp\/v2\/tags?post=46425"}],"curies":[{"name":"wp","href":"https:\/\/api.w.org\/{rel}","templated":true}]}}