{"id":30017,"date":"2019-02-28T14:36:22","date_gmt":"2019-02-28T12:36:22","guid":{"rendered":"https:\/\/www.painters.fi\/?p=30017"},"modified":"2019-03-05T15:39:05","modified_gmt":"2019-03-05T13:39:05","slug":"malarforbundet-90-ar-2019","status":"publish","type":"post","link":"https:\/\/www.painters.fi\/sv\/malarforbundet-90-ar-2019\/","title":{"rendered":"M\u00c5LARF\u00d6RBUNDET 90 \u00e5r 2019"},"content":{"rendered":"<div id=\"attachment_30049\" style=\"width: 310px\" class=\"wp-caption alignnone\"><img loading=\"lazy\" decoding=\"async\" aria-describedby=\"caption-attachment-30049\" class=\"wp-image-30049 size-medium\" src=\"https:\/\/www.painters.fi\/wp-content\/uploads\/2019\/02\/KaijaHinkula4-300x293.jpg\" alt=\"\" width=\"300\" height=\"293\" srcset=\"https:\/\/www.painters.fi\/wp-content\/uploads\/2019\/02\/KaijaHinkula4-300x293.jpg 300w, https:\/\/www.painters.fi\/wp-content\/uploads\/2019\/02\/KaijaHinkula4-600x585.jpg 600w, https:\/\/www.painters.fi\/wp-content\/uploads\/2019\/02\/KaijaHinkula4-1024x999.jpg 1024w, https:\/\/www.painters.fi\/wp-content\/uploads\/2019\/02\/KaijaHinkula4-650x634.jpg 650w, https:\/\/www.painters.fi\/wp-content\/uploads\/2019\/02\/KaijaHinkula4-256x250.jpg 256w, https:\/\/www.painters.fi\/wp-content\/uploads\/2019\/02\/KaijaHinkula4-685x668.jpg 685w, https:\/\/www.painters.fi\/wp-content\/uploads\/2019\/02\/KaijaHinkula4.jpg 1772w\" sizes=\"auto, (max-width: 300px) 100vw, 300px\" \/><p id=\"caption-attachment-30049\" class=\"wp-caption-text\">Kaija Hinkula: The Higgs Field, oil on plexiglass, 120 cm x 120 cm, 2018<\/p><\/div>\n<p><strong>M\u00c5LARF\u00d6RBUNDET 90 \u00e5r 2019<\/strong><\/p>\n<p>M\u00e5larf\u00f6rbundet firar sin 90-\u00e5rsdag med ett omfattande program som presenterar m\u00e5larkonst och ett stort antal m\u00e5lare, och som p\u00e5g\u00e5r i \u00f6ver ett \u00e5r. F\u00f6rstklassiga utst\u00e4llningar och evenemang p\u00e5 18 orter i Finland, visar hur m\u00e5ngsidig m\u00e5larkonsten \u00e4r och skapar en n\u00e4ra kontakt med publiken. Festligheterna fokuserar p\u00e5 m\u00e5larens arbete, m\u00e5larkonsten, som under jubileums\u00e5ret f\u00e5r visa prov p\u00e5 sin styrka och f\u00f6rm\u00e5ga att ber\u00f6ra \u00e5sk\u00e5darna.<\/p>\n<p>&nbsp;<\/p>\n<p><strong>MUSEIUTST\u00c4LLNINGAR<\/strong><\/p>\n<p>Jubileums\u00e5ret inleddes i Lahtis konstmuseum redan p\u00e5 h\u00f6sten 2018 med utst\u00e4llningen <em>Tuoretta maalia Lahdessa (\u201cFr\u00e4scha m\u00e5larf\u00e4rger i Lahtis\u201d)<\/em> \u2013 M\u00e5larf\u00f6rbundets 90-\u00e5rs jubileumsutst\u00e4llning.<\/p>\n<p>Serien jurybed\u00f6mda jubileumsuts\u00e4llningar forts\u00e4tter i Villmanstrands konstmuseum med utst\u00e4llningen <em>Tuoretta maalia Lappeenrannassa (\u201cFr\u00e4scha m\u00e5larf\u00e4rger i Villmanstrand\u201d)<\/em> &#8211; M\u00e5larf\u00f6rbundets 90-\u00e5rs jubileumsutst\u00e4llning. Utst\u00e4llningen \u00f6ppnades 19.1 och <strong>p\u00e5g\u00e5r till 28.4. 2019<\/strong>.<\/p>\n<p>P\u00e5 utst\u00e4llningen i Villmanstrands konstmuseum visas verk av f\u00f6ljande 24 konstn\u00e4rer: Erika Adamsson (\u00c5bo), Riikka Ahlfors (Helsingfors), Tyko Elo (Helsingfors), Anssi Hanhela (Ule\u00e5borg), Selma Haro (\u00c5bo), Kaija Hinkula (Ule\u00e5borg), Emmu Johansson (Helsingfors), Markku Ker\u00e4nen (Esbo), Sari Koski-V\u00e4h\u00e4l\u00e4 (Helsingfors), Jarmo Kukkonen (Hollola), Hannele Kumpulainen (Helsingfors), Helena Laine (Bj\u00f6rneborg), Riikka Lenkkeri (M\u00e4ntt\u00e4), Katri Mononen (Nokia), Paula Ollikainen (Tammerfors) , Kimi Pakarinen (Helsingfors), Andr\u00e9 Peterdi (\u00c5bo), Mari Rantanen (Stockholm, Sverige), Satu Rautiainen (Helsingfors), Mikko Rekonen (Helsingfors), Elina Ruohonen (\u00c5bo), Jukka Siikala (Helsingfors), Ville-Veikko Viikil\u00e4 ( Lahtis) och Jenni Ypp\u00e4ril\u00e4 (Tammerfors).<\/p>\n<p>&nbsp;<\/p>\n<p><strong>KARUSELL<\/strong><\/p>\n<p>Ett nytt, dj\u00e4rvt och garanterat annorlunda utst\u00e4llningskoncept f\u00f6rverkligas <strong>15.8 \u2013 8.9.2019<\/strong> i tm\u2022galleriet i Helsingfors. Varje dag visas en ny utst\u00e4llning, och galleriet presenterar dagligen verk av en eller tre konstn\u00e4rer. I 25 dagar rullar konsten fram inf\u00f6r publiken \u2013 sammanlagt handlar det om konstn\u00e4rliga helhetsverk av 59 konstn\u00e4rer. Utst\u00e4llningens konstn\u00e4rer har lottats ut bland de medlemmar av M\u00e5larf\u00f6rbundets konstn\u00e4rer som anm\u00e4lt sig. Genom det nya konceptet \u00e4r det m\u00f6jligt att presentera m\u00e5larkonsten p\u00e5 ett m\u00e5ngfacetterat s\u00e4tt, samtidigt som det innefattar fr\u00e5gan om skillnaden mellan val av konstn\u00e4rer med en kurator eller genom lottdragning. Vi v\u00e4ntar med sp\u00e4nning p\u00e5 hur det kommer att g\u00e5.<\/p>\n<p>&nbsp;<\/p>\n<p><strong>JUBILEUMSUTST\u00c4LLNINGSVECKOR<\/strong><\/p>\n<p>M\u00e5larkonsten presenteras <strong>i oktober 2019<\/strong> p\u00e5 olika platser i Finland. Lokala konstn\u00e4rsorganisationer p\u00e5 17 olika orter organiserar en utst\u00e4llning med konstn\u00e4rer som bor p\u00e5 orten och \u00e4r medlemmar av M\u00e5larf\u00f6rbundet, eller n\u00e5got annat evenemang i anknytning till m\u00e5larkonsten.<\/p>\n<p>Under jubileumsutst\u00e4llningsveckorna ordnas program i f\u00f6ljande kommuner: Rovaniemi, Ule\u00e5borg, Sein\u00e4joki, Kuopio, Joensuu, Jyv\u00e4skyl\u00e4, Tammerfors, Tavastehus, Hyvinge, Lahtis, Lojo, Tr\u00e4sk\u00e4nda, Lovisa, Borg\u00e5, Esbo, Vanda och Helsingfors.<\/p>\n<p>&nbsp;<\/p>\n<p><strong>TUUBIT AUKI \u2013 AVOIMET TY\u00d6HUONEET (\u201d\u00d6ppna f\u00e4rgtuber &#8211; \u00d6ppna atelj\u00e9er\u201d) &#8211; evenemanget<\/strong><\/p>\n<p>Konstn\u00e4rer som \u00e4r medlemmar i M\u00e5larf\u00f6rbundet \u00f6ppnar sina atelj\u00e9er f\u00f6r allm\u00e4nheten runt om i Finland <strong>26 \u2013 27.10.2019<\/strong>. I b\u00f6rjan av h\u00f6sten \u00f6ppnas en egen hemsida f\u00f6r evenemanget. P\u00e5 hemsidan publiceras ortsvis uppgifter om atelj\u00e9er som \u00f6ppnas f\u00f6r allm\u00e4nheten.<\/p>\n<p>&nbsp;<\/p>\n<p><strong>V\u00e5ren 2019 presenterar sig M\u00e5larf\u00f6rbundets tm\u2022galleri p\u00e5 internationella konstm\u00e4ssor i Helsingfors och i Stockholm:<\/strong><\/p>\n<p>&nbsp;<\/p>\n<p><strong>SUPERMARKET 2019 \u2013 Stockholm Independent Art Fair<\/strong><\/p>\n<p><strong>4 \u2013 7.4.2019 Stockholm, Sverige<\/strong><\/p>\n<p>tm\u2022galleriets konstn\u00e4rer p\u00e5 m\u00e4ssan: Henni Alftan (Paris, Frankrike), Arvid Hedin (Vichtis), Raija Malka (Lissabon, Portugal) &amp; Ville-Veikko Viikil\u00e4 (Lahtis)<\/p>\n<p>&nbsp;<\/p>\n<p><strong>ART FAIR SUOMI &#8211; Internationell festival f\u00f6r modern konst<\/strong><\/p>\n<p><strong>23 \u2013 26.5.2019 Kabelfabriken, Helsingfors<\/strong><\/p>\n<p>tm\u2022galleriets konstn\u00e4rer p\u00e5 m\u00e4ssan: Sampo Apajalahti (Helsingfors), Eeva-Leena Eklund (Helsingfors), Noora Nio-Juss (Helsingfors)&amp; Jouni Toni (Tammerfors)<\/p>\n<p>&nbsp;<\/p>\n<p><strong>F\u00f6r mer information:<\/strong><\/p>\n<p>M\u00e5larf\u00f6rbundet<br \/>\nSkillnadsgatan 9, 00130 Helsingfors<\/p>\n<p>Direkt\u00f6r Alina M\u00e4ntt\u00e4ri tfn +358 44 766 4504, alina.manttari@painters.fi<br \/>\nOrdf\u00f6rande Marja-Liisa Jokitalo tfn 040-725 7839, marja-liisa.jokitalo@painters.fi<br \/>\nUtst\u00e4llningskoordinator Katariina Lager tfn +358 44 722 0735, katariina.lager@painters.fi<\/p>\n<p>&#8211; 90 \u00e5rs jubileumsutst\u00e4llning i Villmanstrands konstmuseum:<br \/>\n<a href=\"https:\/\/www.painters.fi\/taidemaalariliitto-90-v-juhlanayttely-lappeenrannan-taidemuseossa-19-1-28-4-2019\/\">https:\/\/www.painters.fi\/taidemaalariliitto-90-v-juhlanayttely-lappeenrannan-taidemuseossa-19-1-28-4-2019\/<\/a><\/p>\n<p>\u00d6vriga evenemang under jubileums\u00e5ret:<br \/>\n<a href=\"https:\/\/www.painters.fi\/90-vuotisjuhla\/\">https:\/\/www.painters.fi\/90-vuotisjuhla\/<\/a><\/p>\n<p>&nbsp;<\/p>\n<p>\u2013 M\u00e5larf\u00f6rbundet, som grundades \u00e5r 1929, \u00e4r en riksomfattande organisation f\u00f6r \u00f6ver 1300 yrkesm\u00e5lare. F\u00f6rbundet arbetar f\u00f6r att befr\u00e4mja bildkonsten samt f\u00f6r att f\u00f6rb\u00e4ttra konstn\u00e4rernas yrkesm\u00e4ssiga och sociala f\u00f6rm\u00e5ner. Sina medlemmar erbjuder f\u00f6rbundet olika slags tj\u00e4nster. Syftet med f\u00f6rbundets m\u00e5ngsidiga utst\u00e4llningsverksamhet \u00e4r att n\u00e5 olika grupper av konstintresserade och g\u00f6ra m\u00e5larkonsten l\u00e4ttare tillg\u00e4nglig.<\/p>\n<p>Under \u00e5ret bes\u00f6ker 40 000 \u2013 44 000 personer f\u00f6rbundets utst\u00e4llningar.<\/p>\n<p>M\u00e5larf\u00f6rbundets tm\u2022galleri, f\u00f6rmedling av konstn\u00e4rsmaterial och kansli \u00e4r bel\u00e4gna i Helsingfors centrum, adress Skillnadsgatan 9 B<br \/>\n00130 Helsingfors<\/p>\n<p>&nbsp;<\/p>\n","protected":false},"excerpt":{"rendered":"<p>M\u00c5LARF\u00d6RBUNDET 90 \u00e5r 2019 M\u00e5larf\u00f6rbundet firar sin 90-\u00e5rsdag med ett omfattande program som presenterar m\u00e5larkonst och ett stort antal m\u00e5lare, och som p\u00e5g\u00e5r i \u00f6ver ett \u00e5r. F\u00f6rstklassiga utst\u00e4llningar och evenemang p\u00e5 18 orter i Finland, visar hur m\u00e5ngsidig m\u00e5larkonsten \u00e4r och skapar en n\u00e4ra kontakt med publiken. Festligheterna fokuserar p\u00e5 m\u00e5larens arbete, m\u00e5larkonsten, som &hellip; <a href=\"https:\/\/www.painters.fi\/sv\/malarforbundet-90-ar-2019\/\" class=\"more-link\">Continue reading <span class=\"screen-reader-text\">M\u00c5LARF\u00d6RBUNDET 90 \u00e5r 2019<\/span> <span class=\"meta-nav\">&raquo;<\/span><\/a><\/p>\n","protected":false},"author":7,"featured_media":0,"comment_status":"closed","ping_status":"closed","sticky":false,"template":"","format":"standard","meta":{"_acf_changed":false,"_relevanssi_hide_post":"","_relevanssi_hide_content":"","_relevanssi_pin_for_all":"","_relevanssi_pin_keywords":"","_relevanssi_unpin_keywords":"","_relevanssi_related_keywords":"","_relevanssi_related_include_ids":"","_relevanssi_related_exclude_ids":"","_relevanssi_related_no_append":"","_relevanssi_related_not_related":"","_relevanssi_related_posts":"","_relevanssi_noindex_reason":"","footnotes":""},"categories":[23],"tags":[],"class_list":["post-30017","post","type-post","status-publish","format-standard","hentry","category-okategoriserad"],"acf":[],"yoast_head":"<!-- This site is optimized with the Yoast SEO plugin v27.4 - https:\/\/yoast.com\/product\/yoast-seo-wordpress\/ -->\n<title>M\u00c5LARF\u00d6RBUNDET 90 \u00e5r 2019 - Taidemaalariliitto<\/title>\n<meta name=\"robots\" content=\"index, follow, max-snippet:-1, max-image-preview:large, max-video-preview:-1\" \/>\n<link rel=\"canonical\" href=\"https:\/\/www.painters.fi\/sv\/malarforbundet-90-ar-2019\/\" \/>\n<meta property=\"og:locale\" content=\"sv_SE\" \/>\n<meta property=\"og:type\" content=\"article\" \/>\n<meta property=\"og:title\" content=\"M\u00c5LARF\u00d6RBUNDET 90 \u00e5r 2019 - Taidemaalariliitto\" \/>\n<meta property=\"og:description\" content=\"M\u00c5LARF\u00d6RBUNDET 90 \u00e5r 2019 M\u00e5larf\u00f6rbundet firar sin 90-\u00e5rsdag med ett omfattande program som presenterar m\u00e5larkonst och ett stort antal m\u00e5lare, och som p\u00e5g\u00e5r i \u00f6ver ett \u00e5r. F\u00f6rstklassiga utst\u00e4llningar och evenemang p\u00e5 18 orter i Finland, visar hur m\u00e5ngsidig m\u00e5larkonsten \u00e4r och skapar en n\u00e4ra kontakt med publiken. Festligheterna fokuserar p\u00e5 m\u00e5larens arbete, m\u00e5larkonsten, som &hellip; Continue reading M\u00c5LARF\u00d6RBUNDET 90 \u00e5r 2019 &raquo;\" \/>\n<meta property=\"og:url\" content=\"https:\/\/www.painters.fi\/sv\/malarforbundet-90-ar-2019\/\" \/>\n<meta property=\"og:site_name\" content=\"Taidemaalariliitto\" \/>\n<meta property=\"article:publisher\" content=\"https:\/\/www.facebook.com\/Taidemaalariliitto\" \/>\n<meta property=\"article:published_time\" content=\"2019-02-28T12:36:22+00:00\" \/>\n<meta property=\"article:modified_time\" content=\"2019-03-05T13:39:05+00:00\" \/>\n<meta property=\"og:image\" content=\"https:\/\/www.painters.fi\/wp-content\/uploads\/2019\/02\/KaijaHinkula4-300x293.jpg\" \/>\n<meta name=\"author\" content=\"Katariina\" \/>\n<meta name=\"twitter:card\" content=\"summary_large_image\" \/>\n<meta name=\"twitter:creator\" content=\"@tmliitto\" \/>\n<meta name=\"twitter:site\" content=\"@tmliitto\" \/>\n<meta name=\"twitter:label1\" content=\"Skriven av\" \/>\n\t<meta name=\"twitter:data1\" content=\"Katariina\" \/>\n\t<meta name=\"twitter:label2\" content=\"Ber\u00e4knad l\u00e4stid\" \/>\n\t<meta name=\"twitter:data2\" content=\"4 minuter\" \/>\n<script type=\"application\/ld+json\" class=\"yoast-schema-graph\">{\"@context\":\"https:\\\/\\\/schema.org\",\"@graph\":[{\"@type\":\"Article\",\"@id\":\"https:\\\/\\\/www.painters.fi\\\/sv\\\/malarforbundet-90-ar-2019\\\/#article\",\"isPartOf\":{\"@id\":\"https:\\\/\\\/www.painters.fi\\\/sv\\\/malarforbundet-90-ar-2019\\\/\"},\"author\":{\"name\":\"Katariina\",\"@id\":\"https:\\\/\\\/www.painters.fi\\\/#\\\/schema\\\/person\\\/a8551125f4c4c3c08f66b325140e4d1e\"},\"headline\":\"M\u00c5LARF\u00d6RBUNDET 90 \u00e5r 2019\",\"datePublished\":\"2019-02-28T12:36:22+00:00\",\"dateModified\":\"2019-03-05T13:39:05+00:00\",\"mainEntityOfPage\":{\"@id\":\"https:\\\/\\\/www.painters.fi\\\/sv\\\/malarforbundet-90-ar-2019\\\/\"},\"wordCount\":796,\"image\":{\"@id\":\"https:\\\/\\\/www.painters.fi\\\/sv\\\/malarforbundet-90-ar-2019\\\/#primaryimage\"},\"thumbnailUrl\":\"https:\\\/\\\/www.painters.fi\\\/wp-content\\\/uploads\\\/2019\\\/02\\\/KaijaHinkula4-300x293.jpg\",\"articleSection\":[\"Okategoriserad\"],\"inLanguage\":\"sv-SE\"},{\"@type\":\"WebPage\",\"@id\":\"https:\\\/\\\/www.painters.fi\\\/sv\\\/malarforbundet-90-ar-2019\\\/\",\"url\":\"https:\\\/\\\/www.painters.fi\\\/sv\\\/malarforbundet-90-ar-2019\\\/\",\"name\":\"M\u00c5LARF\u00d6RBUNDET 90 \u00e5r 2019 - Taidemaalariliitto\",\"isPartOf\":{\"@id\":\"https:\\\/\\\/www.painters.fi\\\/#website\"},\"primaryImageOfPage\":{\"@id\":\"https:\\\/\\\/www.painters.fi\\\/sv\\\/malarforbundet-90-ar-2019\\\/#primaryimage\"},\"image\":{\"@id\":\"https:\\\/\\\/www.painters.fi\\\/sv\\\/malarforbundet-90-ar-2019\\\/#primaryimage\"},\"thumbnailUrl\":\"https:\\\/\\\/www.painters.fi\\\/wp-content\\\/uploads\\\/2019\\\/02\\\/KaijaHinkula4-300x293.jpg\",\"datePublished\":\"2019-02-28T12:36:22+00:00\",\"dateModified\":\"2019-03-05T13:39:05+00:00\",\"author\":{\"@id\":\"https:\\\/\\\/www.painters.fi\\\/#\\\/schema\\\/person\\\/a8551125f4c4c3c08f66b325140e4d1e\"},\"breadcrumb\":{\"@id\":\"https:\\\/\\\/www.painters.fi\\\/sv\\\/malarforbundet-90-ar-2019\\\/#breadcrumb\"},\"inLanguage\":\"sv-SE\",\"potentialAction\":[{\"@type\":\"ReadAction\",\"target\":[\"https:\\\/\\\/www.painters.fi\\\/sv\\\/malarforbundet-90-ar-2019\\\/\"]}]},{\"@type\":\"ImageObject\",\"inLanguage\":\"sv-SE\",\"@id\":\"https:\\\/\\\/www.painters.fi\\\/sv\\\/malarforbundet-90-ar-2019\\\/#primaryimage\",\"url\":\"https:\\\/\\\/www.painters.fi\\\/wp-content\\\/uploads\\\/2019\\\/02\\\/KaijaHinkula4-300x293.jpg\",\"contentUrl\":\"https:\\\/\\\/www.painters.fi\\\/wp-content\\\/uploads\\\/2019\\\/02\\\/KaijaHinkula4-300x293.jpg\"},{\"@type\":\"BreadcrumbList\",\"@id\":\"https:\\\/\\\/www.painters.fi\\\/sv\\\/malarforbundet-90-ar-2019\\\/#breadcrumb\",\"itemListElement\":[{\"@type\":\"ListItem\",\"position\":1,\"name\":\"Home\",\"item\":\"https:\\\/\\\/www.painters.fi\\\/sv\\\/\"},{\"@type\":\"ListItem\",\"position\":2,\"name\":\"M\u00c5LARF\u00d6RBUNDET 90 \u00e5r 2019\"}]},{\"@type\":\"WebSite\",\"@id\":\"https:\\\/\\\/www.painters.fi\\\/#website\",\"url\":\"https:\\\/\\\/www.painters.fi\\\/\",\"name\":\"Taidemaalariliitto\",\"description\":\"\",\"potentialAction\":[{\"@type\":\"SearchAction\",\"target\":{\"@type\":\"EntryPoint\",\"urlTemplate\":\"https:\\\/\\\/www.painters.fi\\\/?s={search_term_string}\"},\"query-input\":{\"@type\":\"PropertyValueSpecification\",\"valueRequired\":true,\"valueName\":\"search_term_string\"}}],\"inLanguage\":\"sv-SE\"},{\"@type\":\"Person\",\"@id\":\"https:\\\/\\\/www.painters.fi\\\/#\\\/schema\\\/person\\\/a8551125f4c4c3c08f66b325140e4d1e\",\"name\":\"Katariina\",\"image\":{\"@type\":\"ImageObject\",\"inLanguage\":\"sv-SE\",\"@id\":\"https:\\\/\\\/secure.gravatar.com\\\/avatar\\\/ddd1b84017ae488d84f2e42888038d6fe23c77a62c729feba0008ec7474b5b74?s=96&d=mm&r=g\",\"url\":\"https:\\\/\\\/secure.gravatar.com\\\/avatar\\\/ddd1b84017ae488d84f2e42888038d6fe23c77a62c729feba0008ec7474b5b74?s=96&d=mm&r=g\",\"contentUrl\":\"https:\\\/\\\/secure.gravatar.com\\\/avatar\\\/ddd1b84017ae488d84f2e42888038d6fe23c77a62c729feba0008ec7474b5b74?s=96&d=mm&r=g\",\"caption\":\"Katariina\"}}]}<\/script>\n<!-- \/ Yoast SEO plugin. -->","yoast_head_json":{"title":"M\u00c5LARF\u00d6RBUNDET 90 \u00e5r 2019 - Taidemaalariliitto","robots":{"index":"index","follow":"follow","max-snippet":"max-snippet:-1","max-image-preview":"max-image-preview:large","max-video-preview":"max-video-preview:-1"},"canonical":"https:\/\/www.painters.fi\/sv\/malarforbundet-90-ar-2019\/","og_locale":"sv_SE","og_type":"article","og_title":"M\u00c5LARF\u00d6RBUNDET 90 \u00e5r 2019 - Taidemaalariliitto","og_description":"M\u00c5LARF\u00d6RBUNDET 90 \u00e5r 2019 M\u00e5larf\u00f6rbundet firar sin 90-\u00e5rsdag med ett omfattande program som presenterar m\u00e5larkonst och ett stort antal m\u00e5lare, och som p\u00e5g\u00e5r i \u00f6ver ett \u00e5r. F\u00f6rstklassiga utst\u00e4llningar och evenemang p\u00e5 18 orter i Finland, visar hur m\u00e5ngsidig m\u00e5larkonsten \u00e4r och skapar en n\u00e4ra kontakt med publiken. Festligheterna fokuserar p\u00e5 m\u00e5larens arbete, m\u00e5larkonsten, som &hellip; Continue reading M\u00c5LARF\u00d6RBUNDET 90 \u00e5r 2019 &raquo;","og_url":"https:\/\/www.painters.fi\/sv\/malarforbundet-90-ar-2019\/","og_site_name":"Taidemaalariliitto","article_publisher":"https:\/\/www.facebook.com\/Taidemaalariliitto","article_published_time":"2019-02-28T12:36:22+00:00","article_modified_time":"2019-03-05T13:39:05+00:00","og_image":[{"url":"https:\/\/www.painters.fi\/wp-content\/uploads\/2019\/02\/KaijaHinkula4-300x293.jpg","type":"","width":"","height":""}],"author":"Katariina","twitter_card":"summary_large_image","twitter_creator":"@tmliitto","twitter_site":"@tmliitto","twitter_misc":{"Skriven av":"Katariina","Ber\u00e4knad l\u00e4stid":"4 minuter"},"schema":{"@context":"https:\/\/schema.org","@graph":[{"@type":"Article","@id":"https:\/\/www.painters.fi\/sv\/malarforbundet-90-ar-2019\/#article","isPartOf":{"@id":"https:\/\/www.painters.fi\/sv\/malarforbundet-90-ar-2019\/"},"author":{"name":"Katariina","@id":"https:\/\/www.painters.fi\/#\/schema\/person\/a8551125f4c4c3c08f66b325140e4d1e"},"headline":"M\u00c5LARF\u00d6RBUNDET 90 \u00e5r 2019","datePublished":"2019-02-28T12:36:22+00:00","dateModified":"2019-03-05T13:39:05+00:00","mainEntityOfPage":{"@id":"https:\/\/www.painters.fi\/sv\/malarforbundet-90-ar-2019\/"},"wordCount":796,"image":{"@id":"https:\/\/www.painters.fi\/sv\/malarforbundet-90-ar-2019\/#primaryimage"},"thumbnailUrl":"https:\/\/www.painters.fi\/wp-content\/uploads\/2019\/02\/KaijaHinkula4-300x293.jpg","articleSection":["Okategoriserad"],"inLanguage":"sv-SE"},{"@type":"WebPage","@id":"https:\/\/www.painters.fi\/sv\/malarforbundet-90-ar-2019\/","url":"https:\/\/www.painters.fi\/sv\/malarforbundet-90-ar-2019\/","name":"M\u00c5LARF\u00d6RBUNDET 90 \u00e5r 2019 - Taidemaalariliitto","isPartOf":{"@id":"https:\/\/www.painters.fi\/#website"},"primaryImageOfPage":{"@id":"https:\/\/www.painters.fi\/sv\/malarforbundet-90-ar-2019\/#primaryimage"},"image":{"@id":"https:\/\/www.painters.fi\/sv\/malarforbundet-90-ar-2019\/#primaryimage"},"thumbnailUrl":"https:\/\/www.painters.fi\/wp-content\/uploads\/2019\/02\/KaijaHinkula4-300x293.jpg","datePublished":"2019-02-28T12:36:22+00:00","dateModified":"2019-03-05T13:39:05+00:00","author":{"@id":"https:\/\/www.painters.fi\/#\/schema\/person\/a8551125f4c4c3c08f66b325140e4d1e"},"breadcrumb":{"@id":"https:\/\/www.painters.fi\/sv\/malarforbundet-90-ar-2019\/#breadcrumb"},"inLanguage":"sv-SE","potentialAction":[{"@type":"ReadAction","target":["https:\/\/www.painters.fi\/sv\/malarforbundet-90-ar-2019\/"]}]},{"@type":"ImageObject","inLanguage":"sv-SE","@id":"https:\/\/www.painters.fi\/sv\/malarforbundet-90-ar-2019\/#primaryimage","url":"https:\/\/www.painters.fi\/wp-content\/uploads\/2019\/02\/KaijaHinkula4-300x293.jpg","contentUrl":"https:\/\/www.painters.fi\/wp-content\/uploads\/2019\/02\/KaijaHinkula4-300x293.jpg"},{"@type":"BreadcrumbList","@id":"https:\/\/www.painters.fi\/sv\/malarforbundet-90-ar-2019\/#breadcrumb","itemListElement":[{"@type":"ListItem","position":1,"name":"Home","item":"https:\/\/www.painters.fi\/sv\/"},{"@type":"ListItem","position":2,"name":"M\u00c5LARF\u00d6RBUNDET 90 \u00e5r 2019"}]},{"@type":"WebSite","@id":"https:\/\/www.painters.fi\/#website","url":"https:\/\/www.painters.fi\/","name":"Taidemaalariliitto","description":"","potentialAction":[{"@type":"SearchAction","target":{"@type":"EntryPoint","urlTemplate":"https:\/\/www.painters.fi\/?s={search_term_string}"},"query-input":{"@type":"PropertyValueSpecification","valueRequired":true,"valueName":"search_term_string"}}],"inLanguage":"sv-SE"},{"@type":"Person","@id":"https:\/\/www.painters.fi\/#\/schema\/person\/a8551125f4c4c3c08f66b325140e4d1e","name":"Katariina","image":{"@type":"ImageObject","inLanguage":"sv-SE","@id":"https:\/\/secure.gravatar.com\/avatar\/ddd1b84017ae488d84f2e42888038d6fe23c77a62c729feba0008ec7474b5b74?s=96&d=mm&r=g","url":"https:\/\/secure.gravatar.com\/avatar\/ddd1b84017ae488d84f2e42888038d6fe23c77a62c729feba0008ec7474b5b74?s=96&d=mm&r=g","contentUrl":"https:\/\/secure.gravatar.com\/avatar\/ddd1b84017ae488d84f2e42888038d6fe23c77a62c729feba0008ec7474b5b74?s=96&d=mm&r=g","caption":"Katariina"}}]}},"_links":{"self":[{"href":"https:\/\/www.painters.fi\/sv\/wp-json\/wp\/v2\/posts\/30017","targetHints":{"allow":["GET"]}}],"collection":[{"href":"https:\/\/www.painters.fi\/sv\/wp-json\/wp\/v2\/posts"}],"about":[{"href":"https:\/\/www.painters.fi\/sv\/wp-json\/wp\/v2\/types\/post"}],"author":[{"embeddable":true,"href":"https:\/\/www.painters.fi\/sv\/wp-json\/wp\/v2\/users\/7"}],"replies":[{"embeddable":true,"href":"https:\/\/www.painters.fi\/sv\/wp-json\/wp\/v2\/comments?post=30017"}],"version-history":[{"count":3,"href":"https:\/\/www.painters.fi\/sv\/wp-json\/wp\/v2\/posts\/30017\/revisions"}],"predecessor-version":[{"id":30052,"href":"https:\/\/www.painters.fi\/sv\/wp-json\/wp\/v2\/posts\/30017\/revisions\/30052"}],"wp:attachment":[{"href":"https:\/\/www.painters.fi\/sv\/wp-json\/wp\/v2\/media?parent=30017"}],"wp:term":[{"taxonomy":"category","embeddable":true,"href":"https:\/\/www.painters.fi\/sv\/wp-json\/wp\/v2\/categories?post=30017"},{"taxonomy":"post_tag","embeddable":true,"href":"https:\/\/www.painters.fi\/sv\/wp-json\/wp\/v2\/tags?post=30017"}],"curies":[{"name":"wp","href":"https:\/\/api.w.org\/{rel}","templated":true}]}}